{"id":1609,"date":"2018-04-20T14:03:48","date_gmt":"2018-04-20T11:03:48","guid":{"rendered":"http:\/\/bianca.com.tr\/?p=1609"},"modified":"2019-07-30T09:09:45","modified_gmt":"2019-07-30T06:09:45","slug":"renklerin-dili","status":"publish","type":"post","link":"https:\/\/bianca.com.tr\/en\/renklerin-dili\/","title":{"rendered":"Renklerin Dili"},"content":{"rendered":"Neden \u00fclke bayraklar\u0131n\u0131n \u00e7o\u011funda k\u0131rm\u0131z\u0131 renk vard\u0131r? Ni\u00e7in bebek k\u0131yafetlerinde k\u0131zlar i\u00e7in pembe, erkekler i\u00e7in mavi uygundur? Hepimiz ge\u00e7mi\u015f deneyimlerimizden, k\u00fclt\u00fcr\u00fcm\u00fczden ve moda kavram\u0131ndan etkilenerek renklere anlamlar y\u00fckleriz.\n\n<!-- \/wp:post-content --> <!-- wp:paragraph -->\n\nBir zamanlar renkler, sadece sevildikleri i\u00e7in se\u00e7ilirlerdi, ama art\u0131k renklerin psikolojik etkileri \u00fczerine yap\u0131lan ara\u015ft\u0131rmalar bize renklerin tercih edilme nedenlerinin de\u011fi\u015fti\u011fini g\u00f6steriyor.\n\n<!-- \/wp:paragraph --> <!-- wp:heading {\"level\":3} -->\n<h3><strong>KIRMIZI<\/strong><\/h3>\n<!-- \/wp:heading --> <!-- wp:image {\"id\":2991} -->\n<figure class=\"wp-block-image\"><img loading=\"lazy\" decoding=\"async\" width=\"1024\" height=\"569\" class=\"wp-image-2991\" src=\"https:\/\/bianca.com.tr\/wp-content\/uploads\/2017\/10\/3020-Bayrak-K\u0131rm\u0131z\u0131-1024x569.jpg\" alt=\"\" \/><\/figure>\n<!-- \/wp:image --> <!-- wp:paragraph -->\n\nK\u0131rm\u0131z\u0131 kesinlikle i\u015ftah a\u00e7mas\u0131yla bilinen bir renktir. K\u0131rm\u0131z\u0131 her ortama hayat ve enerji verir. Hormonsal art\u0131\u015f\u0131 sa\u011flayan, cinsel aktiviteyi art\u0131ran ve yaralar\u0131n iyile\u015fmesini kolayla\u015ft\u0131ran k\u0131rm\u0131z\u0131, d\u00fc\u015f\u00fcnceyi de etkiler.\nAna renklerden biri olan ve bir\u00e7ok insan\u0131n ilk tercihlerinden biri olan k\u0131rm\u0131z\u0131 en dominant ve dinamik renk olarak tan\u0131mlanabilir. \u00c7arp\u0131c\u0131 ve heyecan verici do\u011fas\u0131yla k\u0131rm\u0131z\u0131 renk, dikkat \u00e7ekicidir. Harekete ge\u00e7iren etkisiyle, bakan ki\u015finin ilgisini toplar ve yo\u011funla\u015ft\u0131r\u0131r. K\u0131rm\u0131z\u0131 renk skalas\u0131nda yer alan g\u00fcl, kestane ve bordo renkler g\u00fczel ve ifade edicidir. Buna ek olarak evrensel olarak \u00e7ekici ve duygusal renkler olarak bilinir. Bordo ve g\u00fcl k\u0131rm\u0131z\u0131s\u0131 tonlar\u0131, \u00f6zellikle \u00e7ocuklar\u0131 e\u011flenceye \u00e7a\u011f\u0131r\u0131r ve sevgi duygusunu uyand\u0131r\u0131r.\n<strong>K\u0131rm\u0131z\u0131n\u0131n dekorasyondaki etkileri<\/strong>, her ortama hayat ve enerji verir. G\u00fc\u00e7l\u00fc ve yo\u011fun \u0131\u015f\u0131k oldu\u011fu zaman k\u0131rm\u0131z\u0131 bir mek\u00e2nda daha fazla vurgulan\u0131r. Renkten en fazla s\u00f6z edilen anlar \u0131\u015f\u0131k yo\u011funluklar\u0131n\u0131n oldu\u011fu anlard\u0131r, di\u011fer yandan az \u0131\u015f\u0131kl\u0131 ortamlarda k\u0131rm\u0131z\u0131 \u015fiddetini kaybeder. Daha dingin ortamlarda saf k\u0131rm\u0131z\u0131 \u00e7ok nadir kullan\u0131l\u0131r \u00e7\u00fcnk\u00fc onun g\u00f6ze batan ve \u00e7ok g\u00fc\u00e7l\u00fc etkisi mek\u00e2n\u0131 yorabilir. Di\u011fer yandan daha iddial\u0131 ve hareketli yerlerde k\u0131rm\u0131z\u0131, s\u0131cakl\u0131k ve enerji kayna\u011f\u0131d\u0131r. \u00d6rne\u011fin oturma odas\u0131nda vurgulanan renk olarak kullan\u0131ld\u0131\u011f\u0131nda aile bireylerine canl\u0131l\u0131k verir ve yarat\u0131c\u0131 etkinliklerde bulunmalar\u0131 i\u00e7in harekete ge\u00e7irir.\n\n<!-- \/wp:paragraph --> <!-- wp:image {\"id\":3675,\"className\":\"text-center\"} -->\n<figure class=\"wp-block-image text-center\"><img decoding=\"async\" class=\"wp-image-3675\" src=\"https:\/\/bianca.com.tr\/wp-content\/uploads\/2019\/05\/cizgi.png\" alt=\"\" \/><\/figure>\n<!-- \/wp:image --> <!-- wp:heading {\"level\":3} -->\n<h3><strong>TURUNCU<\/strong><\/h3>\n<!-- \/wp:heading --> <!-- wp:image {\"id\":2990} -->\n<figure class=\"wp-block-image\"><img loading=\"lazy\" decoding=\"async\" width=\"1024\" height=\"569\" class=\"wp-image-2990\" src=\"https:\/\/bianca.com.tr\/wp-content\/uploads\/2017\/10\/2009-Turuncu-4-1024x569.jpg\" alt=\"\" \/><\/figure>\n<!-- \/wp:image --> <!-- wp:paragraph -->\n\nTuruncu k\u0131rm\u0131z\u0131yla benzer \u00f6zelliklere sahip bir renk. Saf halinin yan\u0131 s\u0131ra a\u00e7\u0131k tonlar\u0131yla ve g\u00f6lgeli tonlar\u0131yla da sevilir. Ayr\u0131ca olgunlu\u011fu ve dura\u011fanl\u0131\u011f\u0131yla k\u0131rm\u0131z\u0131dan daha az iddial\u0131d\u0131r ve daha \u00e7ok tercih edilir.\n<strong>Turuncunun dekorasyondaki etkileri<\/strong><strong>:\u00a0<\/strong>\u0130\u015ftah a\u00e7\u0131c\u0131 \u00f6zelli\u011fe sahip oldu\u011fu i\u00e7in \u00f6zellikle yemek odalar\u0131nda ve servis tak\u0131mlar\u0131nda kullan\u0131lan turuncu ba\u015fkalar\u0131na kar\u015f\u0131 nezaketi ve sayg\u0131y\u0131 vurgulad\u0131\u011f\u0131 gibi sosyal etkile\u015fimleri de artt\u0131r\u0131r. Dolay\u0131s\u0131yla ortak kullan\u0131m alanlar\u0131 (salon, TV odas\u0131, mutfak)turuncu renk i\u00e7in en uygun ortamlard\u0131r. Turuncu, insanlar\u0131n alg\u0131s\u0131n\u0131 en \u00e7ok ve en kolay etkileyen renklerden biri olarak bulundu\u011fu grubu say\u0131ca \u00e7ok g\u00f6sterir.\nE\u011fer bir arada durdu\u011funda oldu\u011fundan \u00e7ok daha fazla say\u0131da ve s\u0131k g\u00f6r\u00fclmesini istedi\u011finiz dekorasyon \u00f6\u011feleri varsa kesinlikle onlar\u0131 turuncu se\u00e7melisiniz.\n<strong>Turuncu rengin simgeleri<\/strong><strong>:\u00a0<\/strong>Turuncu, g\u00fc\u00e7 ve dayan\u0131kl\u0131l\u0131\u011f\u0131n rengidir. Ayr\u0131ca s\u0131cakl\u0131\u011f\u0131, ate\u015fi ve tela\u015f\u0131 simgeler. Ne\u015fenin ve bilgeli\u011fin de sembol\u00fc olan turuncunun, insanlardaki sosyalle\u015fme duygular\u0131n\u0131 faaliyete ge\u00e7irdi\u011fini ifade eden uzmanlar, bu rengin a\u015f\u0131r\u0131 kullan\u0131m\u0131n\u0131n sinir sistemini olumsuz y\u00f6nde etkiledi\u011fini vurguluyorlar. Uzmanlar, bu sebeple turuncuyu, ye\u015fil ve mavinin tonlar\u0131yla birlikte kullanmak gerekti\u011fine dikkat \u00e7ekiyorlar.\n\n<!-- \/wp:paragraph --> <!-- wp:image {\"id\":3675,\"className\":\"text-center\"} -->\n<figure class=\"wp-block-image text-center\"><img decoding=\"async\" class=\"wp-image-3675\" src=\"https:\/\/bianca.com.tr\/wp-content\/uploads\/2019\/05\/cizgi.png\" alt=\"\" \/><\/figure>\n<!-- \/wp:image --> <!-- wp:heading {\"level\":3} -->\n<h3><strong>PEMBE<\/strong><\/h3>\n<!-- \/wp:heading --> <!-- wp:image {\"id\":2919} -->\n<figure class=\"wp-block-image\"><img loading=\"lazy\" decoding=\"async\" width=\"1024\" height=\"819\" class=\"wp-image-2919\" src=\"https:\/\/bianca.com.tr\/wp-content\/uploads\/2017\/10\/1154-G\u00fclpembe-1024x819.jpg\" alt=\"\" \/><\/figure>\n<!-- \/wp:image --> <!-- wp:paragraph -->\n\nPembe, sabah g\u00fcne\u015finin rengi, di\u015fi duygular\u0131n ifadesidir. Ya\u015fam dolu, m\u00fckemmel ve enerji veren bir renktir. Sa\u011fl\u0131kl\u0131 olman\u0131n ve daima gen\u00e7 kalman\u0131n ifadesi olarak da tan\u0131mlanabilir. Pembe enerjisini k\u0131rm\u0131z\u0131dan al\u0131r. K\u0131rm\u0131z\u0131ya g\u00f6re daha yumu\u015fakt\u0131r. \u0130lkbahar\u0131n rengi olarak da tan\u0131mlayabilece\u011fimiz pembenin bu saf y\u00f6n\u00fc ayn\u0131 zamanda kusursuz bir d\u00fcnyan\u0131n ve hayaller pe\u015finde ko\u015fulan bir ya\u015fam\u0131n da habercisidir. Pembe \u00e7ekicidir, h\u00fcnerlidir ve fantezi doludur. Di\u015fi y\u00f6n\u00fc gizleyemeyecek kadar ayd\u0131nl\u0131kt\u0131r.\n\n<!-- \/wp:paragraph --> <!-- wp:paragraph -->\n\nPembenin dekorasyondaki etkileri; Hayallerin rengi pembe, ortama kazand\u0131rd\u0131\u011f\u0131 enerjinin yan\u0131 s\u0131ra hassas etkileriyle \u00e7al\u0131\u015fma alanlar\u0131nda pek tercih edilmez. Daha olumlu bir ya\u015fam\u0131 d\u00fc\u015flemenin rengi olarak, \u00f6zellikle dekorasyonda k\u0131z \u00e7ocuklar\u0131n\u0131n odalar\u0131nda kullan\u0131l\u0131r.\n\n<!-- \/wp:paragraph --> <!-- wp:image {\"id\":3675,\"className\":\"text-center\"} -->\n<figure class=\"wp-block-image text-center\"><img decoding=\"async\" class=\"wp-image-3675\" src=\"https:\/\/bianca.com.tr\/wp-content\/uploads\/2019\/05\/cizgi.png\" alt=\"\" \/><\/figure>\n<!-- \/wp:image --> <!-- wp:heading {\"level\":3} -->\n<h3><strong>KAHVERENG\u0130<\/strong><\/h3>\n<!-- \/wp:heading --> <!-- wp:image {\"id\":2998} -->\n<figure class=\"wp-block-image\"><img loading=\"lazy\" decoding=\"async\" width=\"1024\" height=\"569\" class=\"wp-image-2998\" src=\"https:\/\/bianca.com.tr\/wp-content\/uploads\/2017\/10\/8011-Kahverengi-1024x569.jpg\" alt=\"\" \/><\/figure>\n<!-- \/wp:image --> <!-- wp:paragraph -->\n\nKahverengi topra\u011f\u0131n, yani do\u011fumun ve bereketin rengidir. Kahverengi hareketleri h\u0131zland\u0131r\u0131r. Bu rengi seven insanlar fiziksel olarak \u00e7ok duyarl\u0131d\u0131rlar, tenleri \u00e7ok hassast\u0131r ve sinirleri m\u00fckemmeldir.\n\n<!-- \/wp:paragraph --> <!-- wp:paragraph -->\n\nKahverenginin dekorasyondaki etkileri; insan hareketini h\u0131zland\u0131rd\u0131\u011f\u0131 i\u00e7in \u00f6zellikle fastfood restoranlar\u0131, i\u00e7 mekanlar\u0131nda kahverengini kullan\u0131rlar. Sosyal dengeyi ve toplum i\u00e7inde rahatl\u0131\u011f\u0131 sa\u011flayan renkler olarak ev dekorasyonunda da s\u0131k\u00e7a kullan\u0131lan kahverengi ve bej, \u00f6zellikle zemine h\u00e2kim olmalar\u0131yla, g\u00fcvenlik duygusunu ve topra\u011f\u0131n yaratt\u0131\u011f\u0131 rahatl\u0131k hissini verirler. S\u0131cak n\u00f6tr nitelikleri, g\u00fcvenlik ve ba\u011fl\u0131l\u0131k duygusu yarat\u0131r. Di\u011fer yandan yemek ve oturma odalar\u0131nda \u015feftali rengiyle birlikte kullan\u0131ld\u0131klar\u0131nda, hem samimi hem de \u00e7ocuklar\u0131n \u00f6teki ki\u015filerle etkile\u015fimi i\u00e7in s\u0131cak bir ortam yarat\u0131r.\n\n<!-- \/wp:paragraph -->afetlerinde k\u0131zlar i\u00e7in pembe, erkekler i\u00e7in mavi uygundur? Hepimiz ge\u00e7mi\u015f deneyimlerimizden, k\u00fclt\u00fcr\u00fcm\u00fczden ve moda kavram\u0131ndan etkilenerek renklere anlamlar y\u00fckleriz.\n\n<img loading=\"lazy\" decoding=\"async\" class=\"alignright size-medium wp-image-1569\" src=\"http:\/\/bianca.com.tr\/wp-content\/uploads\/2017\/10\/5501-F\u0131st\u0131k-2-300x240.jpg\" alt=\"\" width=\"300\" height=\"240\" \/>\n\n\u0130lk defa boyanacak yeni \u00e7imento s\u0131val\u0131 veya br\u00fct beton y\u00fczeyler i\u00e7in en erken uygulaman\u0131n 3-4 hafta sonra yap\u0131lmas\u0131na dikkat edilmelidir.\n\u2013 B\u00fct\u00fcn boyalar uygulamaya ge\u00e7meden \u00f6nce, bir kar\u0131\u015ft\u0131r\u0131c\u0131 ile iyice kar\u0131\u015ft\u0131r\u0131lmal\u0131d\u0131r.\n\u2013 Boyalar \u00e7ok s\u0131cak ve \u00e7ok so\u011fuk ortamlarda uygulanmamal\u0131d\u0131r.\n\u2013 Boyama i\u015flemi ince katlar halinde yap\u0131lmal\u0131d\u0131r.\n\u2013 Boyaya toz veya s\u0131v\u0131 katk\u0131 yap\u0131lmamal\u0131 ve ambalaj \u00fczerinde belirtilen inceltme oran\u0131ndan daha fazla inceltilmemelidir.\n\u2013 \u0130yi yap\u0131\u015fma sa\u011flamak i\u00e7in; parlak y\u00fczey, z\u0131mparalama i\u015flemi yap\u0131larak matla\u015ft\u0131r\u0131lmal\u0131d\u0131r.\n\u2013 Artan boyay\u0131 tekrar kullanabilmek i\u00e7in boyaya y\u00fczeyini \u00f6rtecek kadar kendi incelticisinden eklemeli ve kar\u0131\u015ft\u0131r\u0131lmadan a\u011fz\u0131 kapat\u0131larak serin bir yerde saklanmal\u0131d\u0131r.","protected":false},"excerpt":{"rendered":"<p>Neden \u00fclke bayraklar\u0131n\u0131n \u00e7o\u011funda k\u0131rm\u0131z\u0131 renk vard\u0131r? Ni\u00e7in bebek k\u0131yafetlerinde k\u0131zlar i\u00e7in pembe, erkekler i\u00e7in mavi uygundur? Hepimiz ge\u00e7mi\u015f deneyimlerimizden, k\u00fclt\u00fcr\u00fcm\u00fczden ve moda kavram\u0131ndan etkilenerek renklere anlamlar y\u00fckleriz. Bir zamanlar renkler, sadece sevildikleri i\u00e7in se\u00e7ilirlerdi, ama art\u0131k renklerin psikolojik etkileri \u00fczerine yap\u0131lan ara\u015ft\u0131rmalar bize renklerin tercih edilme nedenlerinin de\u011fi\u015fti\u011fini g\u00f6steriyor. KIRMIZI K\u0131rm\u0131z\u0131 kesinlikle i\u015ftah a\u00e7mas\u0131yla [&hellip;]<\/p>\n","protected":false},"author":9,"featured_media":1495,"comment_status":"open","ping_status":"open","sticky":false,"template":"","format":"standard","meta":{"footnotes":""},"categories":[81],"tags":[],"class_list":["post-1609","post","type-post","status-publish","format-standard","has-post-thumbnail","hentry","category-konforum"],"yoast_head":"<!-- This site is optimized with the Yoast SEO plugin v26.4 - https:\/\/yoast.com\/wordpress\/plugins\/seo\/ -->\n<title>Renklerin Dili - Bianca Boya<\/title>\n<meta name=\"robots\" content=\"index, follow, max-snippet:-1, max-image-preview:large, max-video-preview:-1\" \/>\n<link rel=\"canonical\" href=\"https:\/\/bianca.com.tr\/en\/renklerin-dili\/\" \/>\n<meta property=\"og:locale\" content=\"en_US\" \/>\n<meta property=\"og:type\" content=\"article\" \/>\n<meta property=\"og:title\" content=\"Renklerin Dili - Bianca Boya\" \/>\n<meta property=\"og:description\" content=\"Neden \u00fclke bayraklar\u0131n\u0131n \u00e7o\u011funda k\u0131rm\u0131z\u0131 renk vard\u0131r? Ni\u00e7in bebek k\u0131yafetlerinde k\u0131zlar i\u00e7in pembe, erkekler i\u00e7in mavi uygundur? Hepimiz ge\u00e7mi\u015f deneyimlerimizden, k\u00fclt\u00fcr\u00fcm\u00fczden ve moda kavram\u0131ndan etkilenerek renklere anlamlar y\u00fckleriz. Bir zamanlar renkler, sadece sevildikleri i\u00e7in se\u00e7ilirlerdi, ama art\u0131k renklerin psikolojik etkileri \u00fczerine yap\u0131lan ara\u015ft\u0131rmalar bize renklerin tercih edilme nedenlerinin de\u011fi\u015fti\u011fini g\u00f6steriyor. KIRMIZI K\u0131rm\u0131z\u0131 kesinlikle i\u015ftah a\u00e7mas\u0131yla [&hellip;]\" \/>\n<meta property=\"og:url\" content=\"https:\/\/bianca.com.tr\/en\/renklerin-dili\/\" \/>\n<meta property=\"og:site_name\" content=\"Bianca Boya\" \/>\n<meta property=\"article:published_time\" content=\"2018-04-20T11:03:48+00:00\" \/>\n<meta property=\"article:modified_time\" content=\"2019-07-30T06:09:45+00:00\" \/>\n<meta property=\"og:image\" content=\"https:\/\/bianca.com.tr\/en\/wp-content\/uploads\/2017\/10\/3000-BayrakK\u0131rm\u0131z\u0131.jpg\" \/>\n\t<meta property=\"og:image:width\" content=\"4701\" \/>\n\t<meta property=\"og:image:height\" content=\"2717\" \/>\n\t<meta property=\"og:image:type\" content=\"image\/jpeg\" \/>\n<meta name=\"author\" content=\"Bianca Boya\" \/>\n<meta name=\"twitter:card\" content=\"summary_large_image\" \/>\n<meta name=\"twitter:label1\" content=\"Written by\" \/>\n\t<meta name=\"twitter:data1\" content=\"Bianca Boya\" \/>\n\t<meta name=\"twitter:label2\" content=\"Est. reading time\" \/>\n\t<meta name=\"twitter:data2\" content=\"5 minutes\" \/>\n<script type=\"application\/ld+json\" class=\"yoast-schema-graph\">{\"@context\":\"https:\/\/schema.org\",\"@graph\":[{\"@type\":\"WebPage\",\"@id\":\"https:\/\/bianca.com.tr\/en\/renklerin-dili\/\",\"url\":\"https:\/\/bianca.com.tr\/en\/renklerin-dili\/\",\"name\":\"Renklerin Dili - Bianca Boya\",\"isPartOf\":{\"@id\":\"https:\/\/bianca.com.tr\/en\/#website\"},\"primaryImageOfPage\":{\"@id\":\"https:\/\/bianca.com.tr\/en\/renklerin-dili\/#primaryimage\"},\"image\":{\"@id\":\"https:\/\/bianca.com.tr\/en\/renklerin-dili\/#primaryimage\"},\"thumbnailUrl\":\"https:\/\/bianca.com.tr\/en\/wp-content\/uploads\/2017\/10\/3000-BayrakK\u0131rm\u0131z\u0131-scaled.jpg\",\"datePublished\":\"2018-04-20T11:03:48+00:00\",\"dateModified\":\"2019-07-30T06:09:45+00:00\",\"author\":{\"@id\":\"https:\/\/bianca.com.tr\/en\/#\/schema\/person\/502f98aa02327f24b1ece2ed232dd064\"},\"breadcrumb\":{\"@id\":\"https:\/\/bianca.com.tr\/en\/renklerin-dili\/#breadcrumb\"},\"inLanguage\":\"en-US\",\"potentialAction\":[{\"@type\":\"ReadAction\",\"target\":[\"https:\/\/bianca.com.tr\/en\/renklerin-dili\/\"]}]},{\"@type\":\"ImageObject\",\"inLanguage\":\"en-US\",\"@id\":\"https:\/\/bianca.com.tr\/en\/renklerin-dili\/#primaryimage\",\"url\":\"https:\/\/bianca.com.tr\/en\/wp-content\/uploads\/2017\/10\/3000-BayrakK\u0131rm\u0131z\u0131-scaled.jpg\",\"contentUrl\":\"https:\/\/bianca.com.tr\/en\/wp-content\/uploads\/2017\/10\/3000-BayrakK\u0131rm\u0131z\u0131-scaled.jpg\",\"width\":2560,\"height\":1480},{\"@type\":\"BreadcrumbList\",\"@id\":\"https:\/\/bianca.com.tr\/en\/renklerin-dili\/#breadcrumb\",\"itemListElement\":[{\"@type\":\"ListItem\",\"position\":1,\"name\":\"Home\",\"item\":\"https:\/\/bianca.com.tr\/en\/\"},{\"@type\":\"ListItem\",\"position\":2,\"name\":\"Renklerin Dili\"}]},{\"@type\":\"WebSite\",\"@id\":\"https:\/\/bianca.com.tr\/en\/#website\",\"url\":\"https:\/\/bianca.com.tr\/en\/\",\"name\":\"Bianca Boya\",\"description\":\"Decorative Building System\",\"potentialAction\":[{\"@type\":\"SearchAction\",\"target\":{\"@type\":\"EntryPoint\",\"urlTemplate\":\"https:\/\/bianca.com.tr\/en\/?s={search_term_string}\"},\"query-input\":{\"@type\":\"PropertyValueSpecification\",\"valueRequired\":true,\"valueName\":\"search_term_string\"}}],\"inLanguage\":\"en-US\"},{\"@type\":\"Person\",\"@id\":\"https:\/\/bianca.com.tr\/en\/#\/schema\/person\/502f98aa02327f24b1ece2ed232dd064\",\"name\":\"Bianca Boya\",\"image\":{\"@type\":\"ImageObject\",\"inLanguage\":\"en-US\",\"@id\":\"https:\/\/bianca.com.tr\/en\/#\/schema\/person\/image\/\",\"url\":\"https:\/\/secure.gravatar.com\/avatar\/2641e70f52d1cedf1046ee6d0a6ff7575beafc2d6711ff33486307301ac43743?s=96&d=mm&r=g\",\"contentUrl\":\"https:\/\/secure.gravatar.com\/avatar\/2641e70f52d1cedf1046ee6d0a6ff7575beafc2d6711ff33486307301ac43743?s=96&d=mm&r=g\",\"caption\":\"Bianca Boya\"},\"sameAs\":[\"https:\/\/bianca.com.tr\"],\"url\":\"https:\/\/bianca.com.tr\/en\/author\/biancacomtr-2\/\"}]}<\/script>\n<!-- \/ Yoast SEO plugin. -->","yoast_head_json":{"title":"Renklerin Dili - Bianca Boya","robots":{"index":"index","follow":"follow","max-snippet":"max-snippet:-1","max-image-preview":"max-image-preview:large","max-video-preview":"max-video-preview:-1"},"canonical":"https:\/\/bianca.com.tr\/en\/renklerin-dili\/","og_locale":"en_US","og_type":"article","og_title":"Renklerin Dili - Bianca Boya","og_description":"Neden \u00fclke bayraklar\u0131n\u0131n \u00e7o\u011funda k\u0131rm\u0131z\u0131 renk vard\u0131r? Ni\u00e7in bebek k\u0131yafetlerinde k\u0131zlar i\u00e7in pembe, erkekler i\u00e7in mavi uygundur? Hepimiz ge\u00e7mi\u015f deneyimlerimizden, k\u00fclt\u00fcr\u00fcm\u00fczden ve moda kavram\u0131ndan etkilenerek renklere anlamlar y\u00fckleriz. Bir zamanlar renkler, sadece sevildikleri i\u00e7in se\u00e7ilirlerdi, ama art\u0131k renklerin psikolojik etkileri \u00fczerine yap\u0131lan ara\u015ft\u0131rmalar bize renklerin tercih edilme nedenlerinin de\u011fi\u015fti\u011fini g\u00f6steriyor. KIRMIZI K\u0131rm\u0131z\u0131 kesinlikle i\u015ftah a\u00e7mas\u0131yla [&hellip;]","og_url":"https:\/\/bianca.com.tr\/en\/renklerin-dili\/","og_site_name":"Bianca Boya","article_published_time":"2018-04-20T11:03:48+00:00","article_modified_time":"2019-07-30T06:09:45+00:00","og_image":[{"width":4701,"height":2717,"url":"https:\/\/bianca.com.tr\/en\/wp-content\/uploads\/2017\/10\/3000-BayrakK\u0131rm\u0131z\u0131.jpg","type":"image\/jpeg"}],"author":"Bianca Boya","twitter_card":"summary_large_image","twitter_misc":{"Written by":"Bianca Boya","Est. reading time":"5 minutes"},"schema":{"@context":"https:\/\/schema.org","@graph":[{"@type":"WebPage","@id":"https:\/\/bianca.com.tr\/en\/renklerin-dili\/","url":"https:\/\/bianca.com.tr\/en\/renklerin-dili\/","name":"Renklerin Dili - Bianca Boya","isPartOf":{"@id":"https:\/\/bianca.com.tr\/en\/#website"},"primaryImageOfPage":{"@id":"https:\/\/bianca.com.tr\/en\/renklerin-dili\/#primaryimage"},"image":{"@id":"https:\/\/bianca.com.tr\/en\/renklerin-dili\/#primaryimage"},"thumbnailUrl":"https:\/\/bianca.com.tr\/en\/wp-content\/uploads\/2017\/10\/3000-BayrakK\u0131rm\u0131z\u0131-scaled.jpg","datePublished":"2018-04-20T11:03:48+00:00","dateModified":"2019-07-30T06:09:45+00:00","author":{"@id":"https:\/\/bianca.com.tr\/en\/#\/schema\/person\/502f98aa02327f24b1ece2ed232dd064"},"breadcrumb":{"@id":"https:\/\/bianca.com.tr\/en\/renklerin-dili\/#breadcrumb"},"inLanguage":"en-US","potentialAction":[{"@type":"ReadAction","target":["https:\/\/bianca.com.tr\/en\/renklerin-dili\/"]}]},{"@type":"ImageObject","inLanguage":"en-US","@id":"https:\/\/bianca.com.tr\/en\/renklerin-dili\/#primaryimage","url":"https:\/\/bianca.com.tr\/en\/wp-content\/uploads\/2017\/10\/3000-BayrakK\u0131rm\u0131z\u0131-scaled.jpg","contentUrl":"https:\/\/bianca.com.tr\/en\/wp-content\/uploads\/2017\/10\/3000-BayrakK\u0131rm\u0131z\u0131-scaled.jpg","width":2560,"height":1480},{"@type":"BreadcrumbList","@id":"https:\/\/bianca.com.tr\/en\/renklerin-dili\/#breadcrumb","itemListElement":[{"@type":"ListItem","position":1,"name":"Home","item":"https:\/\/bianca.com.tr\/en\/"},{"@type":"ListItem","position":2,"name":"Renklerin Dili"}]},{"@type":"WebSite","@id":"https:\/\/bianca.com.tr\/en\/#website","url":"https:\/\/bianca.com.tr\/en\/","name":"Bianca Boya","description":"Decorative Building System","potentialAction":[{"@type":"SearchAction","target":{"@type":"EntryPoint","urlTemplate":"https:\/\/bianca.com.tr\/en\/?s={search_term_string}"},"query-input":{"@type":"PropertyValueSpecification","valueRequired":true,"valueName":"search_term_string"}}],"inLanguage":"en-US"},{"@type":"Person","@id":"https:\/\/bianca.com.tr\/en\/#\/schema\/person\/502f98aa02327f24b1ece2ed232dd064","name":"Bianca Boya","image":{"@type":"ImageObject","inLanguage":"en-US","@id":"https:\/\/bianca.com.tr\/en\/#\/schema\/person\/image\/","url":"https:\/\/secure.gravatar.com\/avatar\/2641e70f52d1cedf1046ee6d0a6ff7575beafc2d6711ff33486307301ac43743?s=96&d=mm&r=g","contentUrl":"https:\/\/secure.gravatar.com\/avatar\/2641e70f52d1cedf1046ee6d0a6ff7575beafc2d6711ff33486307301ac43743?s=96&d=mm&r=g","caption":"Bianca Boya"},"sameAs":["https:\/\/bianca.com.tr"],"url":"https:\/\/bianca.com.tr\/en\/author\/biancacomtr-2\/"}]}},"_links":{"self":[{"href":"https:\/\/bianca.com.tr\/en\/wp-json\/wp\/v2\/posts\/1609","targetHints":{"allow":["GET"]}}],"collection":[{"href":"https:\/\/bianca.com.tr\/en\/wp-json\/wp\/v2\/posts"}],"about":[{"href":"https:\/\/bianca.com.tr\/en\/wp-json\/wp\/v2\/types\/post"}],"author":[{"embeddable":true,"href":"https:\/\/bianca.com.tr\/en\/wp-json\/wp\/v2\/users\/9"}],"replies":[{"embeddable":true,"href":"https:\/\/bianca.com.tr\/en\/wp-json\/wp\/v2\/comments?post=1609"}],"version-history":[{"count":0,"href":"https:\/\/bianca.com.tr\/en\/wp-json\/wp\/v2\/posts\/1609\/revisions"}],"wp:featuredmedia":[{"embeddable":true,"href":"https:\/\/bianca.com.tr\/en\/wp-json\/wp\/v2\/media\/1495"}],"wp:attachment":[{"href":"https:\/\/bianca.com.tr\/en\/wp-json\/wp\/v2\/media?parent=1609"}],"wp:term":[{"taxonomy":"category","embeddable":true,"href":"https:\/\/bianca.com.tr\/en\/wp-json\/wp\/v2\/categories?post=1609"},{"taxonomy":"post_tag","embeddable":true,"href":"https:\/\/bianca.com.tr\/en\/wp-json\/wp\/v2\/tags?post=1609"}],"curies":[{"name":"wp","href":"https:\/\/api.w.org\/{rel}","templated":true}]}}